{"id":2495,"date":"2023-06-27T09:03:06","date_gmt":"2023-06-27T09:03:06","guid":{"rendered":"http:\/\/ec2-18-229-160-1.sa-east-1.compute.amazonaws.com\/?p=2495"},"modified":"2023-06-27T09:23:25","modified_gmt":"2023-06-27T09:23:25","slug":"marca-argentina-de-bicicletas-participara-do-shimano-fest","status":"publish","type":"post","link":"https:\/\/shimanofest.com.br\/index.php\/marca-argentina-de-bicicletas-participara-do-shimano-fest\/","title":{"rendered":"Marca argentina de bicicletas participar\u00e1 do Shimano Fest"},"content":{"rendered":"\n<p>Empresa criada em 2020 tem planos ambiciosos para o Brasil; marca tem 4 modelos de bicicletas para gravel, road e MTB<\/p>\n\n\n\n<p>A marca argentina de bicicletas Volta anunciou sua internacionaliza\u00e7\u00e3o e a opera\u00e7\u00e3o no Brasil. A Volta anunciou que vai apresentar seus produtos durante o Shimano Fest, de 17 a 20 de agosto, em S\u00e3o Paulo. Criada em 2020, a Volta anunciou tamb\u00e9m o desejo de expans\u00e3o de suas atividades para os Estados Unidos e Europa.<\/p>\n\n\n\n<p>Em S\u00e3o Paulo, a Volta vai apresentar ao p\u00fablico brasileiros suas bicicletas de estrada, gravel e estrada. Atletas da marca estar\u00e3o no Shimano Fest para atender aos visitantes e tirar d\u00favidas do p\u00fablico.<\/p>\n\n\n\n<p>\u201cEstamos emocionados de participar do Shimano Fest e de representar a ind\u00fastria de bicicletas argentina em um evento de renome internacional\u201d, disse Mar\u00eda Eugenia L\u00f3pes, CEO da empresa.<\/p>\n\n\n\n<p>No site da empresa \u00e9 poss\u00edvel conferir os modelos dispon\u00edveis como por exemplo a Tirrena, uma gravel bike com quadro e garfo de alum\u00ednio, grupo Shimano Sora 2x9V, freios a disco mec\u00e2nicos e rodas Novatec, a X-Zion, modelo de cross country feito para competi\u00e7\u00f5es com quadro full carbon monocoque, equipada com grupo completo Shimano Deore de 12 velocidades, suspens\u00e3o RST First 32 e rodas Ruleman de alum\u00ednio. Ou ainda outra op\u00e7\u00e3o para o mountain bike: a Avian, com quadro de alum\u00ednio, grupo Shimano Deore de 10 velocidades e suspens\u00e3o SR Suntour XCM 30. J\u00e1 a Brest \u00e9 uma bicicleta de estrada com quadro de alum\u00ednio e garfo de carbono, que pode vir equipada com grupo Shimano Sora ou Microshift de 9 velocidades.<\/p>\n\n\n\n<p>Venha conhecer a Volta: a marca estar\u00e1 presente ao Shimano Fest como expositor na Arena Diversidade.<\/p>\n\n\n\n<p><\/p>\n","protected":false},"excerpt":{"rendered":"<p>Marca argentina far\u00e1 estreia no mercado brasileiro participando do Shimano Fest<\/p>\n","protected":false},"author":2,"featured_media":2496,"comment_status":"open","ping_status":"open","sticky":false,"template":"","format":"standard","meta":{"inline_featured_image":false,"footnotes":""},"categories":[1],"tags":[],"acf":[],"yoast_head":"<!-- This site is optimized with the Yoast SEO plugin v20.9 - https:\/\/yoast.com\/wordpress\/plugins\/seo\/ -->\n<title>Marca argentina de bicicletas participar\u00e1 do Shimano Fest - Shimano Fest<\/title>\n<meta name=\"description\" content=\"Marca argentina far\u00e1 estreia no Festival da Bike 2023\" \/>\n<meta name=\"robots\" content=\"index, follow, max-snippet:-1, max-image-preview:large, max-video-preview:-1\" \/>\n<link rel=\"canonical\" href=\"https:\/\/shimanofest.com.br\/index.php\/marca-argentina-de-bicicletas-participara-do-shimano-fest\/\" \/>\n<meta property=\"og:locale\" content=\"pt_BR\" \/>\n<meta property=\"og:type\" content=\"article\" \/>\n<meta property=\"og:title\" content=\"Marca argentina de bicicletas participar\u00e1 do Shimano Fest - Shimano Fest\" \/>\n<meta property=\"og:description\" content=\"Marca argentina far\u00e1 estreia no Festival da Bike 2023\" \/>\n<meta property=\"og:url\" content=\"https:\/\/shimanofest.com.br\/index.php\/marca-argentina-de-bicicletas-participara-do-shimano-fest\/\" \/>\n<meta property=\"og:site_name\" content=\"Shimano Fest\" \/>\n<meta property=\"article:published_time\" content=\"2023-06-27T09:03:06+00:00\" \/>\n<meta property=\"article:modified_time\" content=\"2023-06-27T09:23:25+00:00\" \/>\n<meta property=\"og:image\" content=\"https:\/\/shimanofest.com.br\/wp-content\/uploads\/2023\/06\/Volta-2.jpg\" \/>\n\t<meta property=\"og:image:width\" content=\"626\" \/>\n\t<meta property=\"og:image:height\" content=\"380\" \/>\n\t<meta property=\"og:image:type\" content=\"image\/jpeg\" \/>\n<meta name=\"author\" content=\"Shimano Fest\" \/>\n<meta name=\"twitter:card\" content=\"summary_large_image\" \/>\n<meta name=\"twitter:label1\" content=\"Escrito por\" \/>\n\t<meta name=\"twitter:data1\" content=\"Shimano Fest\" \/>\n\t<meta name=\"twitter:label2\" content=\"Est. tempo de leitura\" \/>\n\t<meta name=\"twitter:data2\" content=\"2 minutos\" \/>\n<script type=\"application\/ld+json\" class=\"yoast-schema-graph\">{\"@context\":\"https:\/\/schema.org\",\"@graph\":[{\"@type\":\"WebPage\",\"@id\":\"https:\/\/shimanofest.com.br\/index.php\/marca-argentina-de-bicicletas-participara-do-shimano-fest\/\",\"url\":\"https:\/\/shimanofest.com.br\/index.php\/marca-argentina-de-bicicletas-participara-do-shimano-fest\/\",\"name\":\"Marca argentina de bicicletas participar\u00e1 do Shimano Fest - Shimano Fest\",\"isPartOf\":{\"@id\":\"https:\/\/shimanofest.com.br\/#website\"},\"datePublished\":\"2023-06-27T09:03:06+00:00\",\"dateModified\":\"2023-06-27T09:23:25+00:00\",\"author\":{\"@id\":\"https:\/\/shimanofest.com.br\/#\/schema\/person\/16bbf80bc64c7a90481e719c0a399b6e\"},\"description\":\"Marca argentina far\u00e1 estreia no Festival da Bike 2023\",\"breadcrumb\":{\"@id\":\"https:\/\/shimanofest.com.br\/index.php\/marca-argentina-de-bicicletas-participara-do-shimano-fest\/#breadcrumb\"},\"inLanguage\":\"pt-BR\",\"potentialAction\":[{\"@type\":\"ReadAction\",\"target\":[\"https:\/\/shimanofest.com.br\/index.php\/marca-argentina-de-bicicletas-participara-do-shimano-fest\/\"]}]},{\"@type\":\"BreadcrumbList\",\"@id\":\"https:\/\/shimanofest.com.br\/index.php\/marca-argentina-de-bicicletas-participara-do-shimano-fest\/#breadcrumb\",\"itemListElement\":[{\"@type\":\"ListItem\",\"position\":1,\"name\":\"Home\",\"item\":\"https:\/\/shimanofest.com.br\/\"},{\"@type\":\"ListItem\",\"position\":2,\"name\":\"Marca argentina de bicicletas participar\u00e1 do Shimano Fest\"}]},{\"@type\":\"WebSite\",\"@id\":\"https:\/\/shimanofest.com.br\/#website\",\"url\":\"https:\/\/shimanofest.com.br\/\",\"name\":\"Shimano Fest\",\"description\":\"\",\"potentialAction\":[{\"@type\":\"SearchAction\",\"target\":{\"@type\":\"EntryPoint\",\"urlTemplate\":\"https:\/\/shimanofest.com.br\/?s={search_term_string}\"},\"query-input\":\"required name=search_term_string\"}],\"inLanguage\":\"pt-BR\"},{\"@type\":\"Person\",\"@id\":\"https:\/\/shimanofest.com.br\/#\/schema\/person\/16bbf80bc64c7a90481e719c0a399b6e\",\"name\":\"Shimano Fest\",\"image\":{\"@type\":\"ImageObject\",\"inLanguage\":\"pt-BR\",\"@id\":\"https:\/\/shimanofest.com.br\/#\/schema\/person\/image\/\",\"url\":\"https:\/\/secure.gravatar.com\/avatar\/513870f29798350714b98a04e9be6162?s=96&d=mm&r=g\",\"contentUrl\":\"https:\/\/secure.gravatar.com\/avatar\/513870f29798350714b98a04e9be6162?s=96&d=mm&r=g\",\"caption\":\"Shimano Fest\"},\"url\":\"https:\/\/shimanofest.com.br\/index.php\/author\/shimano\/\"}]}<\/script>\n<!-- \/ Yoast SEO plugin. -->","yoast_head_json":{"title":"Marca argentina de bicicletas participar\u00e1 do Shimano Fest - Shimano Fest","description":"Marca argentina far\u00e1 estreia no Festival da Bike 2023","robots":{"index":"index","follow":"follow","max-snippet":"max-snippet:-1","max-image-preview":"max-image-preview:large","max-video-preview":"max-video-preview:-1"},"canonical":"https:\/\/shimanofest.com.br\/index.php\/marca-argentina-de-bicicletas-participara-do-shimano-fest\/","og_locale":"pt_BR","og_type":"article","og_title":"Marca argentina de bicicletas participar\u00e1 do Shimano Fest - Shimano Fest","og_description":"Marca argentina far\u00e1 estreia no Festival da Bike 2023","og_url":"https:\/\/shimanofest.com.br\/index.php\/marca-argentina-de-bicicletas-participara-do-shimano-fest\/","og_site_name":"Shimano Fest","article_published_time":"2023-06-27T09:03:06+00:00","article_modified_time":"2023-06-27T09:23:25+00:00","og_image":[{"width":626,"height":380,"url":"https:\/\/shimanofest.com.br\/wp-content\/uploads\/2023\/06\/Volta-2.jpg","type":"image\/jpeg"}],"author":"Shimano Fest","twitter_card":"summary_large_image","twitter_misc":{"Escrito por":"Shimano Fest","Est. tempo de leitura":"2 minutos"},"schema":{"@context":"https:\/\/schema.org","@graph":[{"@type":"WebPage","@id":"https:\/\/shimanofest.com.br\/index.php\/marca-argentina-de-bicicletas-participara-do-shimano-fest\/","url":"https:\/\/shimanofest.com.br\/index.php\/marca-argentina-de-bicicletas-participara-do-shimano-fest\/","name":"Marca argentina de bicicletas participar\u00e1 do Shimano Fest - Shimano Fest","isPartOf":{"@id":"https:\/\/shimanofest.com.br\/#website"},"datePublished":"2023-06-27T09:03:06+00:00","dateModified":"2023-06-27T09:23:25+00:00","author":{"@id":"https:\/\/shimanofest.com.br\/#\/schema\/person\/16bbf80bc64c7a90481e719c0a399b6e"},"description":"Marca argentina far\u00e1 estreia no Festival da Bike 2023","breadcrumb":{"@id":"https:\/\/shimanofest.com.br\/index.php\/marca-argentina-de-bicicletas-participara-do-shimano-fest\/#breadcrumb"},"inLanguage":"pt-BR","potentialAction":[{"@type":"ReadAction","target":["https:\/\/shimanofest.com.br\/index.php\/marca-argentina-de-bicicletas-participara-do-shimano-fest\/"]}]},{"@type":"BreadcrumbList","@id":"https:\/\/shimanofest.com.br\/index.php\/marca-argentina-de-bicicletas-participara-do-shimano-fest\/#breadcrumb","itemListElement":[{"@type":"ListItem","position":1,"name":"Home","item":"https:\/\/shimanofest.com.br\/"},{"@type":"ListItem","position":2,"name":"Marca argentina de bicicletas participar\u00e1 do Shimano Fest"}]},{"@type":"WebSite","@id":"https:\/\/shimanofest.com.br\/#website","url":"https:\/\/shimanofest.com.br\/","name":"Shimano Fest","description":"","potentialAction":[{"@type":"SearchAction","target":{"@type":"EntryPoint","urlTemplate":"https:\/\/shimanofest.com.br\/?s={search_term_string}"},"query-input":"required name=search_term_string"}],"inLanguage":"pt-BR"},{"@type":"Person","@id":"https:\/\/shimanofest.com.br\/#\/schema\/person\/16bbf80bc64c7a90481e719c0a399b6e","name":"Shimano Fest","image":{"@type":"ImageObject","inLanguage":"pt-BR","@id":"https:\/\/shimanofest.com.br\/#\/schema\/person\/image\/","url":"https:\/\/secure.gravatar.com\/avatar\/513870f29798350714b98a04e9be6162?s=96&d=mm&r=g","contentUrl":"https:\/\/secure.gravatar.com\/avatar\/513870f29798350714b98a04e9be6162?s=96&d=mm&r=g","caption":"Shimano Fest"},"url":"https:\/\/shimanofest.com.br\/index.php\/author\/shimano\/"}]}},"_links":{"self":[{"href":"https:\/\/shimanofest.com.br\/index.php\/wp-json\/wp\/v2\/posts\/2495"}],"collection":[{"href":"https:\/\/shimanofest.com.br\/index.php\/wp-json\/wp\/v2\/posts"}],"about":[{"href":"https:\/\/shimanofest.com.br\/index.php\/wp-json\/wp\/v2\/types\/post"}],"author":[{"embeddable":true,"href":"https:\/\/shimanofest.com.br\/index.php\/wp-json\/wp\/v2\/users\/2"}],"replies":[{"embeddable":true,"href":"https:\/\/shimanofest.com.br\/index.php\/wp-json\/wp\/v2\/comments?post=2495"}],"version-history":[{"count":2,"href":"https:\/\/shimanofest.com.br\/index.php\/wp-json\/wp\/v2\/posts\/2495\/revisions"}],"predecessor-version":[{"id":2498,"href":"https:\/\/shimanofest.com.br\/index.php\/wp-json\/wp\/v2\/posts\/2495\/revisions\/2498"}],"wp:featuredmedia":[{"embeddable":true,"href":"https:\/\/shimanofest.com.br\/index.php\/wp-json\/wp\/v2\/media\/2496"}],"wp:attachment":[{"href":"https:\/\/shimanofest.com.br\/index.php\/wp-json\/wp\/v2\/media?parent=2495"}],"wp:term":[{"taxonomy":"category","embeddable":true,"href":"https:\/\/shimanofest.com.br\/index.php\/wp-json\/wp\/v2\/categories?post=2495"},{"taxonomy":"post_tag","embeddable":true,"href":"https:\/\/shimanofest.com.br\/index.php\/wp-json\/wp\/v2\/tags?post=2495"}],"curies":[{"name":"wp","href":"https:\/\/api.w.org\/{rel}","templated":true}]}}